{"id":375,"date":"2025-12-11T21:00:37","date_gmt":"2025-12-11T21:00:37","guid":{"rendered":"https:\/\/immobilienschweizdaetwyler.ch\/dolorum-eligendi-reprehenderit-excepturi-aut-deserunt\/"},"modified":"2026-04-09T16:10:54","modified_gmt":"2026-04-09T16:10:54","slug":"diego-nafzger-wird-partner","status":"publish","type":"post","link":"https:\/\/immobilienschweizdaetwyler.ch\/fr\/diego-nafzger-wird-partner\/","title":{"rendered":"Diego Nafzger devient partenaire chez Immobilien Schweiz D\u00e4twyler &amp; Nafzger"},"content":{"rendered":"<p>Nous sommes tr\u00e8s heureux d'annoncer que <strong data-start=\"192\" data-end=\"288\">Diego Nafzger depuis le 06.10.2025 est partenaire d'Immobilien Schweiz D\u00e4twyler &amp; Nafzger GmbH<\/strong>. Dans son r\u00f4le de directeur et de CEO, il apportera \u00e0 l'avenir sa vaste exp\u00e9rience et ses comp\u00e9tences entrepreneuriales dans le d\u00e9veloppement strat\u00e9gique de l'entreprise. Cette \u00e9tape marque un jalon important pour l'orientation durable et la croissance future de l'entreprise.<br \/>\n\u201ePour moi, l'entr\u00e9e en tant que partenaire est un engagement clair en faveur de notre vision commune et du d\u00e9veloppement \u00e0 long terme de notre entreprise\u201c, d\u00e9clare Diego Nafzger. Ensemble, nous envisageons l'avenir avec beaucoup de motivation et de confiance.<\/p>","protected":false},"excerpt":{"rendered":"<p>Nous sommes tr\u00e8s heureux d'annoncer que Diego Nafzger est partenaire de Immobilien Schweiz D\u00e4twyler &amp; Nafzger GmbH depuis le 06.10.2025.<\/p>","protected":false},"author":1,"featured_media":835,"comment_status":"open","ping_status":"open","sticky":false,"template":"","format":"standard","meta":{"_acf_changed":false,"footnotes":""},"categories":[12],"tags":[],"class_list":["post-375","post","type-post","status-publish","format-standard","has-post-thumbnail","hentry","category-medienberichte-und-fachbeitrage"],"acf":[],"yoast_head":"<!-- This site is optimized with the Yoast SEO plugin v27.0 - https:\/\/yoast.com\/product\/yoast-seo-wordpress\/ -->\n<title>Diego Nafzger wird Partner bei Immobilien Schweiz D\u00e4twyler &amp; Nafzger | Immobilien Schweiz kaufen, verkaufen und mieten<\/title>\n<meta name=\"robots\" content=\"index, follow, max-snippet:-1, max-image-preview:large, max-video-preview:-1\" \/>\n<link rel=\"canonical\" href=\"https:\/\/immobilienschweizdaetwyler.ch\/fr\/diego-nafzger-wird-partner\/\" \/>\n<meta property=\"og:locale\" content=\"fr_FR\" \/>\n<meta property=\"og:type\" content=\"article\" \/>\n<meta property=\"og:title\" content=\"Diego Nafzger wird Partner bei Immobilien Schweiz D\u00e4twyler &amp; Nafzger | Immobilien Schweiz kaufen, verkaufen und mieten\" \/>\n<meta property=\"og:description\" content=\"Wir freuen uns sehr, bekanntzugeben, dass Diego Nafzger seit dem 06.10.2025 Partner der Immobilien Schweiz D\u00e4twyler &amp; Nafzger GmbH ist.\" \/>\n<meta property=\"og:url\" content=\"https:\/\/immobilienschweizdaetwyler.ch\/fr\/diego-nafzger-wird-partner\/\" \/>\n<meta property=\"og:site_name\" content=\"Immobilien Schweiz kaufen, verkaufen und mieten\" \/>\n<meta property=\"article:published_time\" content=\"2025-12-11T21:00:37+00:00\" \/>\n<meta property=\"article:modified_time\" content=\"2026-04-09T16:10:54+00:00\" \/>\n<meta property=\"og:image\" content=\"https:\/\/immobilienschweizdaetwyler.ch\/wp-content\/uploads\/2025\/12\/Diego-Newsbeitrag.png\" \/>\n\t<meta property=\"og:image:width\" content=\"739\" \/>\n\t<meta property=\"og:image:height\" content=\"952\" \/>\n\t<meta property=\"og:image:type\" content=\"image\/png\" \/>\n<meta name=\"author\" content=\"devusrmk\" \/>\n<meta name=\"twitter:card\" content=\"summary_large_image\" \/>\n<meta name=\"twitter:label1\" content=\"Written by\" \/>\n\t<meta name=\"twitter:data1\" content=\"devusrmk\" \/>\n\t<meta name=\"twitter:label2\" content=\"Est. reading time\" \/>\n\t<meta name=\"twitter:data2\" content=\"1 minute\" \/>\n<script type=\"application\/ld+json\" class=\"yoast-schema-graph\">{\"@context\":\"https:\/\/schema.org\",\"@graph\":[{\"@type\":\"Article\",\"@id\":\"https:\/\/immobilienschweizdaetwyler.ch\/diego-nafzger-wird-partner\/#article\",\"isPartOf\":{\"@id\":\"https:\/\/immobilienschweizdaetwyler.ch\/diego-nafzger-wird-partner\/\"},\"author\":{\"name\":\"devusrmk\",\"@id\":\"https:\/\/immobilienschweizdaetwyler.ch\/#\/schema\/person\/81aed7f29328e9ae6cbec2b15268eae6\"},\"headline\":\"Diego Nafzger wird Partner bei Immobilien Schweiz D\u00e4twyler &amp; Nafzger\",\"datePublished\":\"2025-12-11T21:00:37+00:00\",\"dateModified\":\"2026-04-09T16:10:54+00:00\",\"mainEntityOfPage\":{\"@id\":\"https:\/\/immobilienschweizdaetwyler.ch\/diego-nafzger-wird-partner\/\"},\"wordCount\":112,\"commentCount\":0,\"publisher\":{\"@id\":\"https:\/\/immobilienschweizdaetwyler.ch\/#organization\"},\"image\":{\"@id\":\"https:\/\/immobilienschweizdaetwyler.ch\/diego-nafzger-wird-partner\/#primaryimage\"},\"thumbnailUrl\":\"https:\/\/immobilienschweizdaetwyler.ch\/wp-content\/uploads\/2025\/12\/Diego-Newsbeitrag.png\",\"articleSection\":[\"Medienberichte und Fachbeitr\u00e4ge\"],\"inLanguage\":\"fr-FR\",\"potentialAction\":[{\"@type\":\"CommentAction\",\"name\":\"Comment\",\"target\":[\"https:\/\/immobilienschweizdaetwyler.ch\/diego-nafzger-wird-partner\/#respond\"]}]},{\"@type\":\"WebPage\",\"@id\":\"https:\/\/immobilienschweizdaetwyler.ch\/diego-nafzger-wird-partner\/\",\"url\":\"https:\/\/immobilienschweizdaetwyler.ch\/diego-nafzger-wird-partner\/\",\"name\":\"Diego Nafzger wird Partner bei Immobilien Schweiz D\u00e4twyler &amp; Nafzger | Immobilien Schweiz kaufen, verkaufen und mieten\",\"isPartOf\":{\"@id\":\"https:\/\/immobilienschweizdaetwyler.ch\/#website\"},\"primaryImageOfPage\":{\"@id\":\"https:\/\/immobilienschweizdaetwyler.ch\/diego-nafzger-wird-partner\/#primaryimage\"},\"image\":{\"@id\":\"https:\/\/immobilienschweizdaetwyler.ch\/diego-nafzger-wird-partner\/#primaryimage\"},\"thumbnailUrl\":\"https:\/\/immobilienschweizdaetwyler.ch\/wp-content\/uploads\/2025\/12\/Diego-Newsbeitrag.png\",\"datePublished\":\"2025-12-11T21:00:37+00:00\",\"dateModified\":\"2026-04-09T16:10:54+00:00\",\"breadcrumb\":{\"@id\":\"https:\/\/immobilienschweizdaetwyler.ch\/diego-nafzger-wird-partner\/#breadcrumb\"},\"inLanguage\":\"fr-FR\",\"potentialAction\":[{\"@type\":\"ReadAction\",\"target\":[\"https:\/\/immobilienschweizdaetwyler.ch\/diego-nafzger-wird-partner\/\"]}]},{\"@type\":\"ImageObject\",\"inLanguage\":\"fr-FR\",\"@id\":\"https:\/\/immobilienschweizdaetwyler.ch\/diego-nafzger-wird-partner\/#primaryimage\",\"url\":\"https:\/\/immobilienschweizdaetwyler.ch\/wp-content\/uploads\/2025\/12\/Diego-Newsbeitrag.png\",\"contentUrl\":\"https:\/\/immobilienschweizdaetwyler.ch\/wp-content\/uploads\/2025\/12\/Diego-Newsbeitrag.png\",\"width\":739,\"height\":952,\"caption\":\"Diego Nafzger, CEO von Immobilien Schweiz D\u00e4twyler & Nafzger GmbH, News-Beitrag\"},{\"@type\":\"BreadcrumbList\",\"@id\":\"https:\/\/immobilienschweizdaetwyler.ch\/diego-nafzger-wird-partner\/#breadcrumb\",\"itemListElement\":[{\"@type\":\"ListItem\",\"position\":1,\"name\":\"Home\",\"item\":\"https:\/\/immobilienschweizdaetwyler.ch\/\"},{\"@type\":\"ListItem\",\"position\":2,\"name\":\"Diego Nafzger wird Partner bei Immobilien Schweiz D\u00e4twyler &amp; Nafzger\"}]},{\"@type\":\"WebSite\",\"@id\":\"https:\/\/immobilienschweizdaetwyler.ch\/#website\",\"url\":\"https:\/\/immobilienschweizdaetwyler.ch\/\",\"name\":\"Immobilien Schweiz D\u00e4twyler & Nafzger\",\"description\":\"Immobilien kaufen und verkaufen\",\"publisher\":{\"@id\":\"https:\/\/immobilienschweizdaetwyler.ch\/#organization\"},\"alternateName\":\"D\u00e4twyler Immobilien\",\"potentialAction\":[{\"@type\":\"SearchAction\",\"target\":{\"@type\":\"EntryPoint\",\"urlTemplate\":\"https:\/\/immobilienschweizdaetwyler.ch\/?s={search_term_string}\"},\"query-input\":{\"@type\":\"PropertyValueSpecification\",\"valueRequired\":true,\"valueName\":\"search_term_string\"}}],\"inLanguage\":\"fr-FR\"},{\"@type\":\"Organization\",\"@id\":\"https:\/\/immobilienschweizdaetwyler.ch\/#organization\",\"name\":\"Immobilien Schweiz\",\"url\":\"https:\/\/immobilienschweizdaetwyler.ch\/\",\"logo\":{\"@type\":\"ImageObject\",\"inLanguage\":\"fr-FR\",\"@id\":\"https:\/\/immobilienschweizdaetwyler.ch\/#\/schema\/logo\/image\/\",\"url\":\"https:\/\/immobilienschweizdaetwyler.ch\/wp-content\/uploads\/2025\/12\/Logo.png\",\"contentUrl\":\"https:\/\/immobilienschweizdaetwyler.ch\/wp-content\/uploads\/2025\/12\/Logo.png\",\"width\":400,\"height\":214,\"caption\":\"Immobilien Schweiz\"},\"image\":{\"@id\":\"https:\/\/immobilienschweizdaetwyler.ch\/#\/schema\/logo\/image\/\"}},{\"@type\":\"Person\",\"@id\":\"https:\/\/immobilienschweizdaetwyler.ch\/#\/schema\/person\/81aed7f29328e9ae6cbec2b15268eae6\",\"name\":\"devusrmk\",\"image\":{\"@type\":\"ImageObject\",\"inLanguage\":\"fr-FR\",\"@id\":\"https:\/\/immobilienschweizdaetwyler.ch\/#\/schema\/person\/image\/\",\"url\":\"https:\/\/secure.gravatar.com\/avatar\/33e54dec0cd79fc4b5e911c15f836c46ec8d0e452ecd3ca5f707bce0a3540a3b?s=96&d=mm&r=g\",\"contentUrl\":\"https:\/\/secure.gravatar.com\/avatar\/33e54dec0cd79fc4b5e911c15f836c46ec8d0e452ecd3ca5f707bce0a3540a3b?s=96&d=mm&r=g\",\"caption\":\"devusrmk\"},\"sameAs\":[\"https:\/\/immobilienschweizdaetwyler.ch\"],\"url\":\"https:\/\/immobilienschweizdaetwyler.ch\/fr\/author\/devusrmk\/\"}]}<\/script>\n<!-- \/ Yoast SEO plugin. -->","yoast_head_json":{"title":"Diego Nafzger wird Partner bei Immobilien Schweiz D\u00e4twyler &amp; Nafzger | Immobilien Schweiz kaufen, verkaufen und mieten","robots":{"index":"index","follow":"follow","max-snippet":"max-snippet:-1","max-image-preview":"max-image-preview:large","max-video-preview":"max-video-preview:-1"},"canonical":"https:\/\/immobilienschweizdaetwyler.ch\/fr\/diego-nafzger-wird-partner\/","og_locale":"fr_FR","og_type":"article","og_title":"Diego Nafzger wird Partner bei Immobilien Schweiz D\u00e4twyler &amp; Nafzger | Immobilien Schweiz kaufen, verkaufen und mieten","og_description":"Wir freuen uns sehr, bekanntzugeben, dass Diego Nafzger seit dem 06.10.2025 Partner der Immobilien Schweiz D\u00e4twyler & Nafzger GmbH ist.","og_url":"https:\/\/immobilienschweizdaetwyler.ch\/fr\/diego-nafzger-wird-partner\/","og_site_name":"Immobilien Schweiz kaufen, verkaufen und mieten","article_published_time":"2025-12-11T21:00:37+00:00","article_modified_time":"2026-04-09T16:10:54+00:00","og_image":[{"width":739,"height":952,"url":"https:\/\/immobilienschweizdaetwyler.ch\/wp-content\/uploads\/2025\/12\/Diego-Newsbeitrag.png","type":"image\/png"}],"author":"devusrmk","twitter_card":"summary_large_image","twitter_misc":{"Written by":"devusrmk","Est. reading time":"1 minute"},"schema":{"@context":"https:\/\/schema.org","@graph":[{"@type":"Article","@id":"https:\/\/immobilienschweizdaetwyler.ch\/diego-nafzger-wird-partner\/#article","isPartOf":{"@id":"https:\/\/immobilienschweizdaetwyler.ch\/diego-nafzger-wird-partner\/"},"author":{"name":"devusrmk","@id":"https:\/\/immobilienschweizdaetwyler.ch\/#\/schema\/person\/81aed7f29328e9ae6cbec2b15268eae6"},"headline":"Diego Nafzger wird Partner bei Immobilien Schweiz D\u00e4twyler &amp; Nafzger","datePublished":"2025-12-11T21:00:37+00:00","dateModified":"2026-04-09T16:10:54+00:00","mainEntityOfPage":{"@id":"https:\/\/immobilienschweizdaetwyler.ch\/diego-nafzger-wird-partner\/"},"wordCount":112,"commentCount":0,"publisher":{"@id":"https:\/\/immobilienschweizdaetwyler.ch\/#organization"},"image":{"@id":"https:\/\/immobilienschweizdaetwyler.ch\/diego-nafzger-wird-partner\/#primaryimage"},"thumbnailUrl":"https:\/\/immobilienschweizdaetwyler.ch\/wp-content\/uploads\/2025\/12\/Diego-Newsbeitrag.png","articleSection":["Medienberichte und Fachbeitr\u00e4ge"],"inLanguage":"fr-FR","potentialAction":[{"@type":"CommentAction","name":"Comment","target":["https:\/\/immobilienschweizdaetwyler.ch\/diego-nafzger-wird-partner\/#respond"]}]},{"@type":"WebPage","@id":"https:\/\/immobilienschweizdaetwyler.ch\/diego-nafzger-wird-partner\/","url":"https:\/\/immobilienschweizdaetwyler.ch\/diego-nafzger-wird-partner\/","name":"Diego Nafzger wird Partner bei Immobilien Schweiz D\u00e4twyler &amp; Nafzger | Immobilien Schweiz kaufen, verkaufen und mieten","isPartOf":{"@id":"https:\/\/immobilienschweizdaetwyler.ch\/#website"},"primaryImageOfPage":{"@id":"https:\/\/immobilienschweizdaetwyler.ch\/diego-nafzger-wird-partner\/#primaryimage"},"image":{"@id":"https:\/\/immobilienschweizdaetwyler.ch\/diego-nafzger-wird-partner\/#primaryimage"},"thumbnailUrl":"https:\/\/immobilienschweizdaetwyler.ch\/wp-content\/uploads\/2025\/12\/Diego-Newsbeitrag.png","datePublished":"2025-12-11T21:00:37+00:00","dateModified":"2026-04-09T16:10:54+00:00","breadcrumb":{"@id":"https:\/\/immobilienschweizdaetwyler.ch\/diego-nafzger-wird-partner\/#breadcrumb"},"inLanguage":"fr-FR","potentialAction":[{"@type":"ReadAction","target":["https:\/\/immobilienschweizdaetwyler.ch\/diego-nafzger-wird-partner\/"]}]},{"@type":"ImageObject","inLanguage":"fr-FR","@id":"https:\/\/immobilienschweizdaetwyler.ch\/diego-nafzger-wird-partner\/#primaryimage","url":"https:\/\/immobilienschweizdaetwyler.ch\/wp-content\/uploads\/2025\/12\/Diego-Newsbeitrag.png","contentUrl":"https:\/\/immobilienschweizdaetwyler.ch\/wp-content\/uploads\/2025\/12\/Diego-Newsbeitrag.png","width":739,"height":952,"caption":"Diego Nafzger, CEO von Immobilien Schweiz D\u00e4twyler & Nafzger GmbH, News-Beitrag"},{"@type":"BreadcrumbList","@id":"https:\/\/immobilienschweizdaetwyler.ch\/diego-nafzger-wird-partner\/#breadcrumb","itemListElement":[{"@type":"ListItem","position":1,"name":"Home","item":"https:\/\/immobilienschweizdaetwyler.ch\/"},{"@type":"ListItem","position":2,"name":"Diego Nafzger wird Partner bei Immobilien Schweiz D\u00e4twyler &amp; Nafzger"}]},{"@type":"WebSite","@id":"https:\/\/immobilienschweizdaetwyler.ch\/#website","url":"https:\/\/immobilienschweizdaetwyler.ch\/","name":"Immobilien Schweiz D\u00e4twyler & Nafzger","description":"Acheter et vendre des biens immobiliers","publisher":{"@id":"https:\/\/immobilienschweizdaetwyler.ch\/#organization"},"alternateName":"D\u00e4twyler Immobilien","potentialAction":[{"@type":"SearchAction","target":{"@type":"EntryPoint","urlTemplate":"https:\/\/immobilienschweizdaetwyler.ch\/?s={search_term_string}"},"query-input":{"@type":"PropertyValueSpecification","valueRequired":true,"valueName":"search_term_string"}}],"inLanguage":"fr-FR"},{"@type":"Organization","@id":"https:\/\/immobilienschweizdaetwyler.ch\/#organization","name":"Immobilier Suisse","url":"https:\/\/immobilienschweizdaetwyler.ch\/","logo":{"@type":"ImageObject","inLanguage":"fr-FR","@id":"https:\/\/immobilienschweizdaetwyler.ch\/#\/schema\/logo\/image\/","url":"https:\/\/immobilienschweizdaetwyler.ch\/wp-content\/uploads\/2025\/12\/Logo.png","contentUrl":"https:\/\/immobilienschweizdaetwyler.ch\/wp-content\/uploads\/2025\/12\/Logo.png","width":400,"height":214,"caption":"Immobilien Schweiz"},"image":{"@id":"https:\/\/immobilienschweizdaetwyler.ch\/#\/schema\/logo\/image\/"}},{"@type":"Person","@id":"https:\/\/immobilienschweizdaetwyler.ch\/#\/schema\/person\/81aed7f29328e9ae6cbec2b15268eae6","name":"devusrmk","image":{"@type":"ImageObject","inLanguage":"fr-FR","@id":"https:\/\/immobilienschweizdaetwyler.ch\/#\/schema\/person\/image\/","url":"https:\/\/secure.gravatar.com\/avatar\/33e54dec0cd79fc4b5e911c15f836c46ec8d0e452ecd3ca5f707bce0a3540a3b?s=96&d=mm&r=g","contentUrl":"https:\/\/secure.gravatar.com\/avatar\/33e54dec0cd79fc4b5e911c15f836c46ec8d0e452ecd3ca5f707bce0a3540a3b?s=96&d=mm&r=g","caption":"devusrmk"},"sameAs":["https:\/\/immobilienschweizdaetwyler.ch"],"url":"https:\/\/immobilienschweizdaetwyler.ch\/fr\/author\/devusrmk\/"}]}},"_links":{"self":[{"href":"https:\/\/immobilienschweizdaetwyler.ch\/fr\/wp-json\/wp\/v2\/posts\/375","targetHints":{"allow":["GET"]}}],"collection":[{"href":"https:\/\/immobilienschweizdaetwyler.ch\/fr\/wp-json\/wp\/v2\/posts"}],"about":[{"href":"https:\/\/immobilienschweizdaetwyler.ch\/fr\/wp-json\/wp\/v2\/types\/post"}],"author":[{"embeddable":true,"href":"https:\/\/immobilienschweizdaetwyler.ch\/fr\/wp-json\/wp\/v2\/users\/1"}],"replies":[{"embeddable":true,"href":"https:\/\/immobilienschweizdaetwyler.ch\/fr\/wp-json\/wp\/v2\/comments?post=375"}],"version-history":[{"count":4,"href":"https:\/\/immobilienschweizdaetwyler.ch\/fr\/wp-json\/wp\/v2\/posts\/375\/revisions"}],"predecessor-version":[{"id":824,"href":"https:\/\/immobilienschweizdaetwyler.ch\/fr\/wp-json\/wp\/v2\/posts\/375\/revisions\/824"}],"wp:featuredmedia":[{"embeddable":true,"href":"https:\/\/immobilienschweizdaetwyler.ch\/fr\/wp-json\/wp\/v2\/media\/835"}],"wp:attachment":[{"href":"https:\/\/immobilienschweizdaetwyler.ch\/fr\/wp-json\/wp\/v2\/media?parent=375"}],"wp:term":[{"taxonomy":"category","embeddable":true,"href":"https:\/\/immobilienschweizdaetwyler.ch\/fr\/wp-json\/wp\/v2\/categories?post=375"},{"taxonomy":"post_tag","embeddable":true,"href":"https:\/\/immobilienschweizdaetwyler.ch\/fr\/wp-json\/wp\/v2\/tags?post=375"}],"curies":[{"name":"wp","href":"https:\/\/api.w.org\/{rel}","templated":true}]}}